{"id":38313,"date":"2026-09-05T00:02:56","date_gmt":"2026-09-05T03:02:56","guid":{"rendered":"https:\/\/www.eldiarioar.com\/sociedad\/sanar-soltar-atraer-abundancia-negocio-terapias-titulo-matricula_1_13480252.html"},"modified":"2026-09-05T00:02:56","modified_gmt":"2026-09-05T03:02:56","slug":"sanar-soltar-atraer-abundancia-el-negocio-de-las-terapias-sin-titulo-ni-matricula","status":"publish","type":"post","link":"https:\/\/nvccatamarca.com\/index.php\/2026\/09\/05\/sanar-soltar-atraer-abundancia-el-negocio-de-las-terapias-sin-titulo-ni-matricula\/","title":{"rendered":"\u201cSanar\u201d, \u201csoltar\u201d, \u201catraer abundancia\u201d: el negocio de las terapias sin t\u00edtulo ni matr\u00edcula"},"content":{"rendered":"<p class=\"article-text\"> Si escuch\u00e1s palabras como \u201csoltar\u201d, \u201csanar\u201d o \u201catraer abundancia\u201d, toc\u00e1 tu bolsillo. Pod\u00e9s estar siendo v\u00edctima de estafa y abuso psicol\u00f3gico, advierten los profesionales. Alimentadas por la crisis socioecon\u00f3mica y la extendida consigna del \u201camor propio\u201d, <strong>crecen las terapias alternativas en medio de una<\/strong><a href=\"https:\/\/www.eldiarioar.com\/sociedad\/record-suicidios-argentina-expone-impacto-crisis-economica-varones-jovenes_1_13351594.html\" data-mrf-recirculation=\"links-noticia\" class=\"link\"> emergencia en salud mental sin precedentes<\/a>. Los gu\u00edas espirituales ofrecen soluciones r\u00e1pidas para problemas complejos que ignoran y est\u00e1n ocasionando severos da\u00f1os ps\u00edquicos en pacientes que mejoran un tiempo y vuelven a caer, o desarrollan cuadros psic\u00f3ticos. <\/p>\n<p class=\"article-text\"> El Colegio de Psic\u00f3logas y Psic\u00f3logos de La Plata cont\u00f3 a <strong>elDiarioAR<\/strong> el caso de una paciente con un cuadro de depresi\u00f3n \u201cdelicado\u201d que lleg\u00f3 recientemente a la instituci\u00f3n en busca de ayuda. <strong>Ana In\u00e9s<\/strong> \u2013nombre ficticio para preservar su identidad\u2013 es una abogada platense de mediana edad que comenz\u00f3 a deteriorarse despu\u00e9s de dos a\u00f1os de tratamiento \u201calternativo\u201d. Hab\u00eda llegado a una \u201cpsic\u00f3loga social\u201d por recomendaci\u00f3n de una amiga, que le hab\u00eda prometido resultados r\u00e1pidos, una propuesta atractiva frente a tratamientos convencionales que pueden ser largos y costosos. Cada vez que faltaba a una sesi\u00f3n, la terapeuta apelaba a la culpa para convencerla de que continuara pagando. Cuando Ana In\u00e9s le cont\u00f3 su episodio m\u00e1s grave \u2014un abuso intrafamiliar\u2014, la terapeuta le indic\u00f3 que cortara el v\u00ednculo con toda su familia. Con el tiempo, qued\u00f3 aislada de su entorno y lleg\u00f3 a la instituci\u00f3n atravesando un cuadro depresivo severo. <\/p>\n<p class=\"article-text\"> \u201cHemos visto casos de personas que se separan de sus parejas, pierden trabajos, se alejan de sus familiares o llegan a situaciones extremas dif\u00edciles de reparar\u201d, dijo a <strong>elDiarioAR Andr\u00e9s Di Prinzio<\/strong>, presidente del Colegio de Psic\u00f3logas y Psic\u00f3logos del Distrito XI, con sede en La Plata. Llegan a estos casos por denuncias de los afectados y por un rastreo que empez\u00f3 a arrojar p\u00e1ginas web donde personas sin t\u00edtulo se presentan como psic\u00f3logos, con matr\u00edculas inventadas. El punto de inflexi\u00f3n, se\u00f1ala, fue la pandemia. <\/p>\n<p class=\"article-text\"> Pero ahora, con la emergencia en salud mental, crisis socioecon\u00f3mica y la poca disponibilidad de psic\u00f3logos, el aumento de casos, advierten, es exponencial. \u201cLa gente entonces termina yendo al primero que se le ocurre, al primer pseudo-terapeuta por ah\u00ed\u201d, advirti\u00f3 <a href=\"https:\/\/www.rionegro.com.ar\/sociedad\/terapias-alternativas-en-la-mira-de-los-psicologas-ponen-en-riesgo-la-salud-mental\/\" target=\"_blank\" data-mrf-recirculation=\"links-noticia\" class=\"link\">al diario R\u00edo Negro<\/a> Guido Beltrami, presidente del Colegio de Psic\u00f3logos de la Zona Andina de R\u00edo Negro. <\/p>\n<h2 class=\"article-text\">R\u00e1pido, caro y sin garant\u00eda<\/h2>\n<p class=\"article-text\"> Si bien no hay un registro de quienes ofrecen estas terapias alternativas, s\u00ed est\u00e1 medido el hueco por el que crecen. Las internaciones por salud mental en el sistema p\u00fablico subieron 42% desde 2023 y las consultas ambulatorias 23% en el \u00faltimo a\u00f1o, seg\u00fan el 2\u00ba Informe Federal de Salud Mental que coordin\u00f3 la Universidad Nacional de Lan\u00fas y se present\u00f3 en el Senado el 28 de agosto. El estudio fue realizado sobre 14 jurisdicciones donde vive el 70% del pa\u00eds. <\/p>\n<p class=\"article-text\"> Adem\u00e1s, la mitad de las personas que hoy no est\u00e1n en tratamiento dice que lo necesita, y el 43,44% se\u00f1ala lo econ\u00f3mico como principal obst\u00e1culo, seg\u00fan el <a href=\"https:\/\/www.psi.uba.ar\/opsa\/documentos\/informes\/OPSA.%20Informe%20salud%20mental%202025.pdf\" target=\"_blank\" data-mrf-recirculation=\"links-noticia\" class=\"link\">relevamiento del Observatorio de Psicolog\u00eda Social Aplicada<\/a> de la UBA. Enfrente espera una oferta instalada a fuerza de marketing, que tampoco es barata \u2013una sesi\u00f3n de registros ak\u00e1shicos o una constelaci\u00f3n individual arrancan en 65.000 pesos y trepan hasta 133.000, m\u00e1s del doble que el arancel m\u00ednimo sugerido para una consulta con matr\u00edcula, fijado en 29.940 pesos\u2013 pero que ofrece resultados inmediatos. <\/p>\n<figure> <picture class=\"news-image\"> <!--[if IE 9]><video style=\"display: none;\"><![endif]--><source media=\"(max-width: 576px)\" type=\"image\/webp\" srcset=\"https:\/\/static.eldiario.es\/clip\/1f5452f4-10ca-4340-92c9-9c1439a8633d_16-9-discover-aspect-ratio_50p_0.webp\"><source media=\"(max-width: 576px)\" type=\"image\/jpg\" srcset=\"https:\/\/static.eldiario.es\/clip\/1f5452f4-10ca-4340-92c9-9c1439a8633d_16-9-discover-aspect-ratio_50p_0.jpg\"><source media=\"(max-width: 767px)\" type=\"image\/webp\" srcset=\"https:\/\/static.eldiario.es\/clip\/1f5452f4-10ca-4340-92c9-9c1439a8633d_16-9-discover-aspect-ratio_75p_0.webp\"><source media=\"(max-width: 767px)\" type=\"image\/jpg\" srcset=\"https:\/\/static.eldiario.es\/clip\/1f5452f4-10ca-4340-92c9-9c1439a8633d_16-9-discover-aspect-ratio_75p_0.jpg\"><source media=\"(min-width: 768px)\" type=\"image\/webp\" srcset=\"https:\/\/static.eldiario.es\/clip\/1f5452f4-10ca-4340-92c9-9c1439a8633d_16-9-discover-aspect-ratio_default_0.webp\"><source media=\"(min-width: 768px)\" type=\"image\/jpg\" srcset=\"https:\/\/static.eldiario.es\/clip\/1f5452f4-10ca-4340-92c9-9c1439a8633d_16-9-discover-aspect-ratio_default_0.jpg\"><source type=\"image\/webp\" srcset=\"https:\/\/static.eldiario.es\/clip\/1f5452f4-10ca-4340-92c9-9c1439a8633d_16-9-discover-aspect-ratio_default_0.webp\"><!--[if IE 9]><\/video><![endif]--> <img decoding=\"async\" class=\"lazy\" loading=\"lazy\" src=\"https:\/\/static.eldiario.es\/clip\/1f5452f4-10ca-4340-92c9-9c1439a8633d_16-9-discover-aspect-ratio_default_0.jpg\" alt=\"Ana In\u00e9s hizo un tratamiento de &quot;constelaciones familiares&quot; y termin\u00f3 en un grave cuadro depresivo.\"> <\/picture> <\/figure>\n<p class=\"article-text\"> Todas buscan aliviar r\u00e1pido y la mayor\u00eda termina en \u201cculpabilizar al sujeto de ese sufrimiento y hacerlo responsable\u201d, explic\u00f3 Ana Clara Ca\u00f1abate, presidenta del Colegio de Psic\u00f3logos de Alto Valle Este. \u201cSe funda en la l\u00f3gica de que hay que tener voluntad para encontrar la salida por s\u00ed mismo. Somos seres sociales y necesitamos un sost\u00e9n\u201d, advirti\u00f3. El alivio, adem\u00e1s, dura poco porque toman solo el sesgo de la sugesti\u00f3n, y \u201cnadie est\u00e1 m\u00e1s \u00e1vido de que lo sugestionen que quien est\u00e1 sufriendo\u201d, se\u00f1ala Di Prinzio. <\/p>\n<p class=\"article-text\"> Hace a\u00f1os que estas pr\u00e1cticas dejaron de ser marginales. Siete de cada diez argentinos hicieron al menos una durante el \u00faltimo a\u00f1o \u2014reiki, registros ak\u00e1shicos, limpieza energ\u00e9tica del hogar con sahumerios, carta astral\u2014, contra cinco de cada diez en 2022, seg\u00fan <a href=\"https:\/\/www.clarin.com\/opinion\/nuevos-rituales-del-bienestar-america-latina_0_b1Yv09NXnS.html\" target=\"_blank\" data-mrf-recirculation=\"links-noticia\" class=\"link\">un estudio de la consultora Voices!<\/a>. Quienes ya las hac\u00edan pasaron de combinar dos a tres. El antrop\u00f3logo del Conicet <strong>Nicol\u00e1s Viotti<\/strong> las ubica dentro de un mismo movimiento. Explica que la astrolog\u00eda, el tarot y \u201cel amplio y complejo mundo postpsicol\u00f3gico\u201d delimitan \u201cuna zona de la cultura contempor\u00e1nea que est\u00e1 reconfigurando las separaciones convencionales entre cuerpo, mente y esp\u00edritu\u201d, escribi\u00f3 en Nueva Sociedad. El antrop\u00f3logo observa un hecho social con \u201crevelevancia social abrumadora\u201d, aunque las miradas convencionales quieran encontrar \u201csolo una colecci\u00f3n de pr\u00e1cticas dispersas, pseudociencias, eclecticismo o una religiosidad soft\u201d. <\/p>\n<p class=\"article-text\"> El problema, sin embargo, no es la pr\u00e1ctica sino qui\u00e9n la ejerce. Hay psic\u00f3logos matriculados que usan la meditaci\u00f3n o la respiraci\u00f3n, aclar\u00f3 Di Prinzio. \u201cPero no es lo mismo que lo implemente una persona que no cuenta con un marco regulatorio. Estas terapias no tienen ni colegio ni marco\u201d. Sin c\u00f3digo de \u00e9tica ni secreto profesional, tampoco hay d\u00f3nde reclamar. \u201c<strong>Alguien puede convencer a una persona de que transfiera una propiedad porque as\u00ed se va a curar\u201d,<\/strong> ejemplific\u00f3. <\/p>\n<h2 class=\"article-text\">La ley protege el t\u00edtulo, no la pr\u00e1ctica<\/h2>\n<p class=\"article-text\"> Presentarse como psic\u00f3logo sin serlo es un delito penal, pero la palabra \u201cterapeuta\u201d no est\u00e1 reservada a nadie. \u201cLa oferta es confusa porque se utiliza la palabra terapeuta o psic\u00f3logo espiritual, psic\u00f3logo social, y no es verdaderamente un profesional habilitado\u201d, explic\u00f3 Beltrami. Para formarse como constelador, seg\u00fan la Federaci\u00f3n de Psic\u00f3logas y Psic\u00f3logos de la Rep\u00fablica Argentina, <strong>no hacen falta requisitos acad\u00e9micos previos, ni siquiera el secundario<\/strong>. Argentina tampoco tiene ley de terapias complementarias: se presentaron tres proyectos desde 2018 y ninguno se vot\u00f3. <\/p>\n<p class=\"article-text\"> Por eso, cuando llegan a la Justicia, estos casos llegan con otro nombre. En Mercedes, Corrientes, un allanamiento por ejercicio ilegal de la psicolog\u00eda termin\u00f3 en junio con tres a\u00f1os de prisi\u00f3n en suspenso. \u201cBasta con presentarse p\u00fablicamente como profesional de la salud sin contar con la debida titulaci\u00f3n\u201d, explic\u00f3 el fiscal Adri\u00e1n Casarrubia. En Santa Fe imputaron a una falsa psic\u00f3loga que atend\u00eda desde 2019 con un diploma ap\u00f3crifo. En Esquel, el Colegio de Chubut denunci\u00f3 a una mujer que atendi\u00f3 al menos a diecisiete pacientes en un centro de terapias alternativas. Dec\u00eda tener un curso en Psicolog\u00eda Corporal. <strong>\u201cNada tiene que ver con la disciplina de la psicolog\u00eda, pero tiende a confundir\u201d<\/strong>, se\u00f1al\u00f3 el procurador Ismael Cerda. <\/p>\n<figure> <picture class=\"news-image\"> <!--[if IE 9]><video style=\"display: none;\"><![endif]--><source media=\"(max-width: 576px)\" type=\"image\/webp\" srcset=\"https:\/\/static.eldiario.es\/clip\/68945959-ed2d-4b2d-b05a-8d868d3c981a_16-9-discover-aspect-ratio_50p_0.webp\"><source media=\"(max-width: 576px)\" type=\"image\/jpg\" srcset=\"https:\/\/static.eldiario.es\/clip\/68945959-ed2d-4b2d-b05a-8d868d3c981a_16-9-discover-aspect-ratio_50p_0.jpg\"><source media=\"(max-width: 767px)\" type=\"image\/webp\" srcset=\"https:\/\/static.eldiario.es\/clip\/68945959-ed2d-4b2d-b05a-8d868d3c981a_16-9-discover-aspect-ratio_75p_0.webp\"><source media=\"(max-width: 767px)\" type=\"image\/jpg\" srcset=\"https:\/\/static.eldiario.es\/clip\/68945959-ed2d-4b2d-b05a-8d868d3c981a_16-9-discover-aspect-ratio_75p_0.jpg\"><source media=\"(min-width: 768px)\" type=\"image\/webp\" srcset=\"https:\/\/static.eldiario.es\/clip\/68945959-ed2d-4b2d-b05a-8d868d3c981a_16-9-discover-aspect-ratio_default_0.webp\"><source media=\"(min-width: 768px)\" type=\"image\/jpg\" srcset=\"https:\/\/static.eldiario.es\/clip\/68945959-ed2d-4b2d-b05a-8d868d3c981a_16-9-discover-aspect-ratio_default_0.jpg\"><source type=\"image\/webp\" srcset=\"https:\/\/static.eldiario.es\/clip\/68945959-ed2d-4b2d-b05a-8d868d3c981a_16-9-discover-aspect-ratio_default_0.webp\"><!--[if IE 9]><\/video><![endif]--> <img decoding=\"async\" class=\"lazy\" loading=\"lazy\" src=\"https:\/\/static.eldiario.es\/clip\/68945959-ed2d-4b2d-b05a-8d868d3c981a_16-9-discover-aspect-ratio_default_0.jpg\" alt=\"Argentina atraviesa una emergencia en salud mental sin precedentes, con un aumento de los suicidios de m\u00e1s del 22%.\"> <\/picture> <\/figure>\n<p class=\"article-text\"> A su vez, el Estado est\u00e1 bajando dr\u00e1sticamente el presupuesto en Salud Mental. La ley obliga a destinar el 10% de la cartera de Salud y este a\u00f1o la inversi\u00f3n llega al 1,42%, seg\u00fan la Asociaci\u00f3n Civil por la Igualdad y la Justicia. La \u00fanica l\u00ednea del Ministerio de Salud destinada a implementar esa ley qued\u00f3 con 48 millones de pesos, un 91,6% menos que en 2025. Autoridades de catorce provincias advirtieron en el Senado que debieron \u201casumir con recursos propios responsabilidades que anteriormente contaban con apoyo de Naci\u00f3n\u201d. La reforma que el Gobierno impulsa all\u00ed elimina el piso del 10%. <\/p>\n<p class=\"article-text\"> La pareja de Ana In\u00e9s la convenci\u00f3 de abandonar las sesiones con la \u201cpsic\u00f3loga social\u201d. Ella lleg\u00f3 al Colegio para preguntar si las constelaciones familiares eran una pr\u00e1ctica de la psicolog\u00eda, pidi\u00f3 una entrevista presencial y ah\u00ed cont\u00f3 los dos a\u00f1os completos, el aislamiento, la culpa. Lleg\u00f3 muy deteriorada en su salud mental. <\/p>\n<p class=\"article-text\"> El Colegio no pudo hacer mucho. La mujer que la atend\u00eda trabajaba de manera virtual. Le ofrecieron contenci\u00f3n, un profesional matriculado y asesoramiento jur\u00eddico para ir a la Justicia. \u201cNo podemos obligarla. Es una persona adulta y tiene que decidir hacerlo\u201d, dijo Di Prinzio. <\/p>\n<p class=\"article-text\"> <em>LN\/MG<\/em> <\/p>\n","protected":false},"excerpt":{"rendered":"<p>Si escuch\u00e1s palabras como \u201csoltar\u201d, \u201csanar\u201d o \u201catraer abundancia\u201d, toc\u00e1 tu bolsillo. Pod\u00e9s estar siendo v\u00edctima de estafa y abuso psicol\u00f3gico, advierten los profesionales. Alimentadas por la crisis socioecon\u00f3mica y la extendida consigna del \u201camor propio\u201d, crecen las terapias alternativas en medio de una emergencia en salud mental sin precedentes. Los gu\u00edas espirituales ofrecen soluciones [&hellip;]<\/p>\n","protected":false},"author":1,"featured_media":38314,"comment_status":"closed","ping_status":"closed","sticky":false,"template":"","format":"standard","meta":{"footnotes":""},"categories":[123],"tags":[],"class_list":["post-38313","post","type-post","status-publish","format-standard","has-post-thumbnail","hentry","category-nacionales"],"_links":{"self":[{"href":"https:\/\/nvccatamarca.com\/index.php\/wp-json\/wp\/v2\/posts\/38313","targetHints":{"allow":["GET"]}}],"collection":[{"href":"https:\/\/nvccatamarca.com\/index.php\/wp-json\/wp\/v2\/posts"}],"about":[{"href":"https:\/\/nvccatamarca.com\/index.php\/wp-json\/wp\/v2\/types\/post"}],"author":[{"embeddable":true,"href":"https:\/\/nvccatamarca.com\/index.php\/wp-json\/wp\/v2\/users\/1"}],"replies":[{"embeddable":true,"href":"https:\/\/nvccatamarca.com\/index.php\/wp-json\/wp\/v2\/comments?post=38313"}],"version-history":[{"count":0,"href":"https:\/\/nvccatamarca.com\/index.php\/wp-json\/wp\/v2\/posts\/38313\/revisions"}],"wp:featuredmedia":[{"embeddable":true,"href":"https:\/\/nvccatamarca.com\/index.php\/wp-json\/wp\/v2\/media\/38314"}],"wp:attachment":[{"href":"https:\/\/nvccatamarca.com\/index.php\/wp-json\/wp\/v2\/media?parent=38313"}],"wp:term":[{"taxonomy":"category","embeddable":true,"href":"https:\/\/nvccatamarca.com\/index.php\/wp-json\/wp\/v2\/categories?post=38313"},{"taxonomy":"post_tag","embeddable":true,"href":"https:\/\/nvccatamarca.com\/index.php\/wp-json\/wp\/v2\/tags?post=38313"}],"curies":[{"name":"wp","href":"https:\/\/api.w.org\/{rel}","templated":true}]}}