{"id":38315,"date":"2026-09-05T00:02:56","date_gmt":"2026-09-05T03:02:56","guid":{"rendered":"https:\/\/www.eldiarioar.com\/politica\/investigacion-cerimedo-chile-queremos-ruta-dinero-si-hubo-financiamiento-extranjero_1_13488472.html"},"modified":"2026-09-05T00:02:56","modified_gmt":"2026-09-05T03:02:56","slug":"la-investigacion-a-cerimedo-en-chile-queremos-saber-la-ruta-del-dinero-si-hubo-financiamiento-extranjero","status":"publish","type":"post","link":"https:\/\/nvccatamarca.com\/index.php\/2026\/09\/05\/la-investigacion-a-cerimedo-en-chile-queremos-saber-la-ruta-del-dinero-si-hubo-financiamiento-extranjero\/","title":{"rendered":"La investigaci\u00f3n a Cerimedo en Chile: \u201cQueremos saber la ruta del dinero; si hubo financiamiento extranjero\u201d"},"content":{"rendered":"<p class=\"article-text\"> <strong>\u201cVamos a investigar si se gener\u00f3 una confabulaci\u00f3n con bots e inteligencia artificial en las elecciones chilenas\u201d.<\/strong> Con ese objetivo el diputado chileno <strong>Jos\u00e9 Montalva <\/strong>explic\u00f3 a <strong>elDiarioAR <\/strong>el impacto del caso de <a href=\"https:\/\/www.eldiarioar.com\/temas\/fernando-cerimedo\/\" data-mrf-recirculation=\"links-noticia\" class=\"link\"><strong>Fernando Cerimedo<\/strong><\/a> en el vecino pa\u00eds: esta semana <a href=\"https:\/\/www.eldiarioar.com\/politica\/milei-visita-kast-sombra-cerimedo-vinculos-asesor-funcionarios-chilenos_1_13483768.html\" data-mrf-recirculation=\"links-noticia\" class=\"link\">se cre\u00f3 en el vecino pa\u00eds una comisi\u00f3n investigadora<\/a> sobre el paso del exasesor de <strong>Javier Milei<\/strong> en los procesos electorales desde 2020 hasta el a\u00f1o pasado. Cerimedo particip\u00f3 en las campa\u00f1as del rechazo a los plebiscitos constitucionales y hay sospechas de que tambi\u00e9n oper\u00f3 en el armado electoral de <strong>Jos\u00e9 Antonio Kast<\/strong>, que tiene en su gabinete a funcionarios que estuvieron en el equipo del mile\u00edsta. <\/p>\n<aside class=\"know-more know-more--with-image\" readability=\"0\"> <a href=\"https:\/\/www.eldiarioar.com\/politica\/exfuncionario-trump-habla-vinculo-cerimedo-haya-conocido-no-quiere-decir-sea-amigo_1_13487861.html\" data-mrf-recirculation=\"saber-mas\" data-dl-event=\"saber-mas\" readability=\"3\"> <\/p>\n<p class=\"know-more__title\">Un exfuncionario de Trump habla de su v\u00ednculo con Cerimedo: \u00abQue lo haya conocido no quiere decir que sea amigo\u201d<\/p>\n<picture class=\"know-more__img\"> <!--[if IE 9]><video style=\"display: none;\"><![endif]--><source media=\"(max-width: 767px)\" type=\"image\/webp\" srcset=\"https:\/\/static.eldiario.es\/clip\/40ade6b9-425b-4f4b-99e9-d79b3e42ad88_16-9-aspect-ratio_50p_0_x699y351.webp\"><source media=\"(max-width: 767px)\" type=\"image\/jpg\" srcset=\"https:\/\/static.eldiario.es\/clip\/40ade6b9-425b-4f4b-99e9-d79b3e42ad88_16-9-aspect-ratio_50p_0_x699y351.jpg\"><source media=\"(min-width: 768px)\" type=\"image\/webp\" srcset=\"https:\/\/static.eldiario.es\/clip\/40ade6b9-425b-4f4b-99e9-d79b3e42ad88_16-9-aspect-ratio_50p_0_x699y351.webp\"><source media=\"(min-width: 768px)\" type=\"image\/jpg\" srcset=\"https:\/\/static.eldiario.es\/clip\/40ade6b9-425b-4f4b-99e9-d79b3e42ad88_16-9-aspect-ratio_50p_0_x699y351.jpg\"><source type=\"image\/webp\" srcset=\"https:\/\/static.eldiario.es\/clip\/40ade6b9-425b-4f4b-99e9-d79b3e42ad88_16-9-aspect-ratio_default_0_x699y351.webp\"><!--[if IE 9]><\/video><![endif]--> <img decoding=\"async\" class=\"lazy\" loading=\"lazy\" src=\"https:\/\/static.eldiario.es\/clip\/40ade6b9-425b-4f4b-99e9-d79b3e42ad88_16-9-aspect-ratio_default_0_x699y351.jpg\" alt=\"Un exfuncionario de Trump habla de su v\u00ednculo con Cerimedo: &quot;Que lo haya conocido no quiere decir que sea amigo\u201d\"> <\/picture> <\/a><br \/>\n<\/aside>\n<p class=\"article-text\"> Montalva tiene 40 a\u00f1os, es abogado, milita en el PPD (centroizquierda) y lleg\u00f3 como diputado independiente por el Distrito 23 (La Araucan\u00eda) tras haber sido gobernador de Caut\u00edn con Michelle Bachelet y delegado presidencial regional con Gabriel Boric. Es el impulsor de la comisi\u00f3n investigadora por el caso Cerimedo, que la C\u00e1mara de Diputados aprob\u00f3 el 2 de septiembre con 69 votos a favor y el rechazo en bloque de la derecha, tras haber fracasado un d\u00eda antes por falta de qu\u00f3rum. En esta entrevista telef\u00f3nica con <strong>elDiarioAR<\/strong>, Montalva da detalles sobre qu\u00e9 busca establecer la comisi\u00f3n sobre, por ejemplo, la ruta del dinero que sostuvo al asesor argentino y su cercan\u00eda con Kast, que ya reconoci\u00f3 haberlo conocido. Sobre el final, cuestion\u00f3 con dureza el paso de Milei por Chile esta semana, desde su elogio a Pinochet a la disputa en torno al Estrecho de Magallanes. <\/p>\n<figure> <picture class=\"news-image\"> <!--[if IE 9]><video style=\"display: none;\"><![endif]--><source media=\"(max-width: 576px)\" type=\"image\/webp\" srcset=\"https:\/\/static.eldiario.es\/clip\/7cc7ac47-3bdb-41c9-b5fa-40a310f3e487_16-9-discover-aspect-ratio_50p_0_x615y291.webp\"><source media=\"(max-width: 576px)\" type=\"image\/jpg\" srcset=\"https:\/\/static.eldiario.es\/clip\/7cc7ac47-3bdb-41c9-b5fa-40a310f3e487_16-9-discover-aspect-ratio_50p_0_x615y291.jpg\"><source media=\"(max-width: 767px)\" type=\"image\/webp\" srcset=\"https:\/\/static.eldiario.es\/clip\/7cc7ac47-3bdb-41c9-b5fa-40a310f3e487_16-9-discover-aspect-ratio_75p_0_x615y291.webp\"><source media=\"(max-width: 767px)\" type=\"image\/jpg\" srcset=\"https:\/\/static.eldiario.es\/clip\/7cc7ac47-3bdb-41c9-b5fa-40a310f3e487_16-9-discover-aspect-ratio_75p_0_x615y291.jpg\"><source media=\"(min-width: 768px)\" type=\"image\/webp\" srcset=\"https:\/\/static.eldiario.es\/clip\/7cc7ac47-3bdb-41c9-b5fa-40a310f3e487_16-9-discover-aspect-ratio_default_0_x615y291.webp\"><source media=\"(min-width: 768px)\" type=\"image\/jpg\" srcset=\"https:\/\/static.eldiario.es\/clip\/7cc7ac47-3bdb-41c9-b5fa-40a310f3e487_16-9-discover-aspect-ratio_default_0_x615y291.jpg\"><source type=\"image\/webp\" srcset=\"https:\/\/static.eldiario.es\/clip\/7cc7ac47-3bdb-41c9-b5fa-40a310f3e487_16-9-discover-aspect-ratio_default_0_x615y291.webp\"><!--[if IE 9]><\/video><![endif]--> <img decoding=\"async\" class=\"lazy\" loading=\"lazy\" src=\"https:\/\/static.eldiario.es\/clip\/7cc7ac47-3bdb-41c9-b5fa-40a310f3e487_16-9-discover-aspect-ratio_default_0_x615y291.jpg\" alt=\"Cerimedo con el boliviano Paz y el chileno Kast, en el foro del banco CAF en Panam\u00e1 en enero de este a\u00f1o.\"> <\/picture> <\/figure>\n<p class=\"article-text\"> <strong>\u2014\u00bfCu\u00e1l es el significado de esta comisi\u00f3n investigadora sobre el caso Cerimedo?<\/strong> <\/p>\n<p class=\"article-text\"> \u2014La comisi\u00f3n investigadora es una herramienta que tiene la C\u00e1mara de Diputados de Chile para poder fiscalizar actos del gobierno y con ello citar a distintas instituciones, tambi\u00e9n a personas que puedan entregar antecedentes sobre un caso particular. Vamos a poder investigar si el Estado tuvo o no conocimiento y cu\u00e1l fue el alcance en Chile del se\u00f1or Cerimedo y si se se gener\u00f3 una confabulaci\u00f3n, por medio de tecnolog\u00eda, bots, granja de bots y tambi\u00e9n inteligencia artificial, para el poder interferir en la opini\u00f3n p\u00fablica en procesos electorales que tuvimos desde el 2020 hasta el 2025. Queremos saber cu\u00e1l es la ruta del dinero, qui\u00e9n financi\u00f3, si hubo o no financiamiento chileno o extranjero, con qu\u00e9 intereses, y tambi\u00e9n si hubo interferencia en la opini\u00f3n p\u00fablica en momentos tan importantes como una elecci\u00f3n. <\/p>\n<p class=\"article-text\"> <strong>\u2014Hay fotos y videos de que Cerimedo estuvo en Chile durante los procesos de los plebiscitos, trabajando en la campa\u00f1a del Rechazo. \u00bfCu\u00e1l habr\u00eda sido su rol?<\/strong> <\/p>\n<p class=\"article-text\"> \u2014Hay muchos antecedentes de que efectivamente el se\u00f1or Cerimedo habr\u00eda tenido una empresa que entreg\u00f3 servicio a quienes trabajaban en la campa\u00f1a del Rechazo en Chile, tambi\u00e9n a ciertas campa\u00f1as ligadas a la ultraderecha en Chile. Pero todos esos son antecedentes que vamos a tener que investigar para poder acreditarlo hoy d\u00eda; sin duda que son hechos relevantes que vamos a tener que analizar, investigar y, en definitiva, poder tener una mirada com\u00fan y no solamente trascendidos. <\/p>\n<figure class=\"embed-container embed-container--type-twitter \">\n<blockquote class=\"twitter-tweet\" data-lang=\"es\"><\/blockquote>\n<\/figure>\n<p class=\"article-text\"> <strong>\u2014\u00bfCerimedo trabaj\u00f3 tambi\u00e9n en la campa\u00f1a de Kast?<\/strong> <\/p>\n<p class=\"article-text\"> \u2014Eso es lo que vamos a tener que dilucidar mediante una investigaci\u00f3n, porque lo que nosotros investigamos son hechos que hasta el momento no los tenemos. Hay antecedentes que se\u00f1alan esta conexi\u00f3n con ciertas personas, a su vez ligadas tanto a la campa\u00f1a del Rechazo como a la del candidato que sali\u00f3 electo presidente . Yo no puedo dar ninguno de esos hechos como acreditado, sino que se tienen que investigar. <\/p>\n<p class=\"article-text\"> <strong>\u2014Cuatro funcionarios de Kast fueron identificados como parte de los equipos de trabajo de Cerimedo.<\/strong> <\/p>\n<p class=\"article-text\"> \u2014Hay mucha informaci\u00f3n que ha sido puesta sobre la mesa por distintos estudios period\u00edsticos, y vamos a tener que analizar cada uno de ellos, y c\u00f3mo se relaciona con las facultades que tiene la Comisi\u00f3n de poder fiscalizar hechos, o m\u00e1s bien el comportamiento que tuvo el Estado frente a esta situaci\u00f3n. <\/p>\n<p class=\"article-text\"> <strong>\u2014\u00bfC\u00f3mo es el paso a paso de la comisi\u00f3n? \u00bfTiene la potestad de llamar a indagatoria o es vinculante si un citado no participa?<\/strong> <\/p>\n<p class=\"article-text\"> \u2014La Contralor\u00eda en Chile ya ha sido bastante clara en la materia: quienes son parte del gobierno y de los servicios que son fiscalizables por esta comisi\u00f3n investigadora s\u00ed est\u00e1n obligados a acudir. Ahora, si una persona es distinta al gobierno \u2014porque esto tiene como fin fiscalizar las acciones del gobierno y del Estado\u2014 y por ende es ajena a aquello, obviamente no tiene la obligaci\u00f3n, pero si una persona est\u00e1, por ejemplo, en el Gobierno o en el Estado o en una instituci\u00f3n del Estado, s\u00ed. <\/p>\n<figure> <picture class=\"news-image\"> <!--[if IE 9]><video style=\"display: none;\"><![endif]--><source media=\"(max-width: 576px)\" type=\"image\/webp\" srcset=\"https:\/\/static.eldiario.es\/clip\/76732593-1472-4520-9e01-a60d050d3a32_16-9-discover-aspect-ratio_50p_0.webp\"><source media=\"(max-width: 576px)\" type=\"image\/jpg\" srcset=\"https:\/\/static.eldiario.es\/clip\/76732593-1472-4520-9e01-a60d050d3a32_16-9-discover-aspect-ratio_50p_0.jpg\"><source media=\"(max-width: 767px)\" type=\"image\/webp\" srcset=\"https:\/\/static.eldiario.es\/clip\/76732593-1472-4520-9e01-a60d050d3a32_16-9-discover-aspect-ratio_75p_0.webp\"><source media=\"(max-width: 767px)\" type=\"image\/jpg\" srcset=\"https:\/\/static.eldiario.es\/clip\/76732593-1472-4520-9e01-a60d050d3a32_16-9-discover-aspect-ratio_75p_0.jpg\"><source media=\"(min-width: 768px)\" type=\"image\/webp\" srcset=\"https:\/\/static.eldiario.es\/clip\/76732593-1472-4520-9e01-a60d050d3a32_16-9-discover-aspect-ratio_default_0.webp\"><source media=\"(min-width: 768px)\" type=\"image\/jpg\" srcset=\"https:\/\/static.eldiario.es\/clip\/76732593-1472-4520-9e01-a60d050d3a32_16-9-discover-aspect-ratio_default_0.jpg\"><source type=\"image\/webp\" srcset=\"https:\/\/static.eldiario.es\/clip\/76732593-1472-4520-9e01-a60d050d3a32_16-9-discover-aspect-ratio_default_0.webp\"><!--[if IE 9]><\/video><![endif]--> <img decoding=\"async\" class=\"lazy\" loading=\"lazy\" src=\"https:\/\/static.eldiario.es\/clip\/76732593-1472-4520-9e01-a60d050d3a32_16-9-discover-aspect-ratio_default_0.jpg\" alt=\"El diputado chileno Jos\u00e9 Montalva, quien impuls\u00f3 la comisi\u00f3n investigadora sobre el caso Cerimedo.\"> <\/picture> <\/figure>\n<p class=\"article-text\"> <strong>\u2014\u00bfEs consciente de que el caso tiene cierto impacto regional? Cerimedo es argentino, est\u00e1 detenido en Bolivia, ahora aparecieron fotos en Per\u00fa&#8230;<\/strong> <\/p>\n<p class=\"article-text\"> \u2014Los Estados, frente a antecedentes de esta gravedad, no pueden mirar para el lado y deben hacer funcionar su institucionalidad. La democracia hay que cuidarla, y en el mundo los pa\u00edses que vivimos en democracia somos minor\u00eda: solamente un 46% vive en democracia. Entonces tenemos que ser muy celosos del cuidado de la democracia, y eso equivale tambi\u00e9n a cuidar los espacios digitales. Nuestros procesos electorales son an\u00e1logos, no se han hecho cargo de la capacidad que tienen hoy d\u00eda las tecnolog\u00edas de afectar procesos democr\u00e1ticos. Esto ya ha sido confirmado por estudios acad\u00e9micos de la Universidad de Oxford. Con esto no quiero decir que los bots o la inteligencia artificial voten, pero s\u00ed influyen en la opini\u00f3n p\u00fablica de la realidad que se hacen los que s\u00ed votan. <\/p>\n<p class=\"article-text\"> <strong>\u2014\u00bfLa comisi\u00f3n podr\u00eda pedir informaci\u00f3n a la Argentina?<\/strong> <\/p>\n<p class=\"article-text\"> \u2014Yo no descarto nada todav\u00eda. La comisi\u00f3n, si bien se ha creado, todav\u00eda falta elegir a los miembros, que debieran representar todo el espectro pol\u00edtico. En las pr\u00f3ximas semanas ya vamos a tener antecedentes de qui\u00e9nes van a ser los miembros y las decisiones que vayan tomando, entre otras, a qui\u00e9nes van a citar. <\/p>\n<p class=\"article-text\"> <strong>\u2014\u00bfCu\u00e1l es el cronograma? \u00bfCu\u00e1nto dura y tiene que terminar en un informe?<\/strong> <\/p>\n<p class=\"article-text\"> \u2014Tiene 60 d\u00edas de funcionamiento desde que se hace la primera sesi\u00f3n de la comisi\u00f3n; se puede prorrogar, pero ese es el plazo. Yo creo que en las pr\u00f3ximas semanas comenzar\u00e1, porque primero hay que elegir a los miembros y, ya elegidos, se hace la primera sesi\u00f3n, y desde esa sesi\u00f3n se cuentan los 60 d\u00edas. Tras ese plazo, tiene que emitir un informe con una conclusi\u00f3n. <\/p>\n<p class=\"article-text\"> <strong>\u2014Cambiando de tema: el jueves estuvo el presidente Milei en Chile, en el Foro de Madrid de la ultraderecha. Fue muy discutido que Kast participara de ese evento. \u00bfC\u00f3mo vio esa participaci\u00f3n, en un contexto de discusi\u00f3n sobre el Estrecho de Magallanes?<\/strong> <\/p>\n<p class=\"article-text\"> \u2014Nosotros tenemos una situaci\u00f3n no resuelta con Argentina respecto a que existe un decreto que pone en duda tratados internacionales sobre la soberan\u00eda del Estrecho de Magallanes. Y cuando vemos un presidente que tiene tanta afinidad pol\u00edtica con el presidente Milei, nosotros hubi\u00e9semos esperado que se llevara a cabo la derogaci\u00f3n de ese decreto, porque as\u00ed lo dijo el mismo presidente de Chile en alg\u00fan momento. Y no contento con eso, viene Milei y trata a la mitad de los chilenos como \u201cizquierdistas mugrosos\u201d. No s\u00e9 en Argentina, pero nosotros en Chile no estamos acostumbrados a la discusi\u00f3n pol\u00edtica, mucho menos a la diplomacia faltando el respeto. Entendemos que cada pa\u00eds es soberano y libre, y no somos qui\u00e9nes para ir a cuestionar y mucho menos insultar o denigrar a una parte del pa\u00eds solo por el hecho de no pensar igual al presidente que est\u00e1 circunstancialmente ejerciendo el cargo. <\/p>\n<p class=\"article-text\"> <strong>\u2014\u00bfConsidera que fue una falta de respeto lo que hizo Milei en esta visita?<\/strong> <\/p>\n<p class=\"article-text\"> \u2014Milei acostumbra, por estrategia, a no hacerse cargo de los problemas que realmente le preocupan a la gente, como la desigualdad, la falta de empleo, la falta de oportunidades, la seguridad. \u00c9l prefiere desviar la atenci\u00f3n hacia una disputa sin fin que a lo \u00fanico que le sirve es a la casta pol\u00edtica, porque la gente no vive de las discusiones que tienen los pol\u00edticos, la gente vive de mejorar sus condiciones de vida, y en ese sentido Milei no es un ejemplo para nada de mejorar el est\u00e1ndar de vida de las personas. <\/p>\n<p class=\"article-text\"> <strong>\u2014Por \u00faltimo: ahora en Argentina hubo un anuncio sobre Malvinas por cadena nacional, y en Chile se supo que se abri\u00f3 un canal de comercio con Malvinas, adem\u00e1s de investigaciones recientes sobre que el gobierno chileno, en su momento, apoy\u00f3 a Inglaterra en la guerra. \u00bfC\u00f3mo ve esa situaci\u00f3n en general?<\/strong> <\/p>\n<p class=\"article-text\"> \u2014Chile es muy respetuoso de la pol\u00edtica exterior, en el sentido de que estamos convencidos de que la pol\u00edtica exterior primero se hace con respeto y, segundo, se intenta lograr que dos pa\u00edses que son hermanos puedan tener un trabajo en com\u00fan para mejorar la calidad de vida de ambos pueblos. Dicho eso, yo siempre he preferido que la pol\u00edtica de Estado la lleve a cabo el Ejecutivo; yo soy parte de un poder distinto, que es el Legislativo, y no me gusta entrometerme en temas que se deben coordinar en conjunto. Como no tengo el detalle de lo que usted me se\u00f1ala, preferir\u00eda abstenerme. <\/p>\n<p class=\"article-text\"> <em>MC<\/em> <\/p>\n","protected":false},"excerpt":{"rendered":"<p>\u201cVamos a investigar si se gener\u00f3 una confabulaci\u00f3n con bots e inteligencia artificial en las elecciones chilenas\u201d. Con ese objetivo el diputado chileno Jos\u00e9 Montalva explic\u00f3 a elDiarioAR el impacto del caso de Fernando Cerimedo en el vecino pa\u00eds: esta semana se cre\u00f3 en el vecino pa\u00eds una comisi\u00f3n investigadora sobre el paso del exasesor [&hellip;]<\/p>\n","protected":false},"author":1,"featured_media":38316,"comment_status":"closed","ping_status":"closed","sticky":false,"template":"","format":"standard","meta":{"footnotes":""},"categories":[123],"tags":[],"class_list":["post-38315","post","type-post","status-publish","format-standard","has-post-thumbnail","hentry","category-nacionales"],"_links":{"self":[{"href":"https:\/\/nvccatamarca.com\/index.php\/wp-json\/wp\/v2\/posts\/38315","targetHints":{"allow":["GET"]}}],"collection":[{"href":"https:\/\/nvccatamarca.com\/index.php\/wp-json\/wp\/v2\/posts"}],"about":[{"href":"https:\/\/nvccatamarca.com\/index.php\/wp-json\/wp\/v2\/types\/post"}],"author":[{"embeddable":true,"href":"https:\/\/nvccatamarca.com\/index.php\/wp-json\/wp\/v2\/users\/1"}],"replies":[{"embeddable":true,"href":"https:\/\/nvccatamarca.com\/index.php\/wp-json\/wp\/v2\/comments?post=38315"}],"version-history":[{"count":0,"href":"https:\/\/nvccatamarca.com\/index.php\/wp-json\/wp\/v2\/posts\/38315\/revisions"}],"wp:featuredmedia":[{"embeddable":true,"href":"https:\/\/nvccatamarca.com\/index.php\/wp-json\/wp\/v2\/media\/38316"}],"wp:attachment":[{"href":"https:\/\/nvccatamarca.com\/index.php\/wp-json\/wp\/v2\/media?parent=38315"}],"wp:term":[{"taxonomy":"category","embeddable":true,"href":"https:\/\/nvccatamarca.com\/index.php\/wp-json\/wp\/v2\/categories?post=38315"},{"taxonomy":"post_tag","embeddable":true,"href":"https:\/\/nvccatamarca.com\/index.php\/wp-json\/wp\/v2\/tags?post=38315"}],"curies":[{"name":"wp","href":"https:\/\/api.w.org\/{rel}","templated":true}]}}