{"id":38327,"date":"2026-09-04T15:10:58","date_gmt":"2026-09-04T18:10:58","guid":{"rendered":"https:\/\/airevision.com.ar\/?p=187407"},"modified":"2026-09-04T15:10:58","modified_gmt":"2026-09-04T18:10:58","slug":"exclusivo-matricidio-de-la-chacarita-una-carta-de-norma-tula-da-cuenta-de-los-malos-tratos-por-parte-de-su-hijo","status":"publish","type":"post","link":"https:\/\/nvccatamarca.com\/index.php\/2026\/09\/04\/exclusivo-matricidio-de-la-chacarita-una-carta-de-norma-tula-da-cuenta-de-los-malos-tratos-por-parte-de-su-hijo\/","title":{"rendered":"EXCLUSIVO-Matricidio de La Chacarita: una carta de Norma Tula da cuenta de los malos tratos por parte de su hijo"},"content":{"rendered":"<div class=\"td-post-featured-image\"><a href=\"https:\/\/airevision.com.ar\/wp-content\/uploads\/2026\/09\/IMG_3620.jpeg\" data-caption><img loading=\"lazy\" decoding=\"async\" data-lazyloaded=\"1\" src=\"https:\/\/airevision.com.ar\/wp-content\/uploads\/2026\/09\/IMG_3620-696x392.jpeg\" width=\"696\" height=\"392\" class=\"entry-thumb td-modal-image\" data-sizes=\"(max-width: 696px) 100vw, 696px\" alt title=\"IMG_3620\" srcset=\"https:\/\/airevision.com.ar\/wp-content\/uploads\/2026\/09\/IMG_3620-696x392.jpeg 696w, https:\/\/airevision.com.ar\/wp-content\/uploads\/2026\/09\/IMG_3620-300x169.jpeg 300w, https:\/\/airevision.com.ar\/wp-content\/uploads\/2026\/09\/IMG_3620-768x432.jpeg 768w, https:\/\/airevision.com.ar\/wp-content\/uploads\/2026\/09\/IMG_3620-150x84.jpeg 150w, https:\/\/airevision.com.ar\/wp-content\/uploads\/2026\/09\/IMG_3620.jpeg 992w\"><\/a><\/div>\n<p class=\"p1\"><span class=\"s1\"><em><strong>Catamarca es Noticia a<\/strong><\/em>ccedi\u00f3 de forma exclusiva a un registro de pu\u00f1o y letra escrito por Norma Varela Tula a su hijo Joaqu\u00edn donde queda de manifiesto el trato del joven contra su madre.<\/span><\/p>\n<p class=\"p1\"><span class=\"s1\">En los fragmentos escritos por Norma queda asentado el cari\u00f1o y los consejos que le brindaba a su hijo, como as\u00ed tambi\u00e9n la lucha diaria por criar de buena forma y que no le faltara nada a Joaqu\u00edn durante su infancia y adolescencia.<\/span><\/p>\n<p class=\"p1\"><span class=\"s1\">Es muy duro leer como Norma llevaba adelante la educaci\u00f3n, alimentaci\u00f3n y la posibilidad de brindarle un espacio digno a Joaqu\u00edn y que ella sent\u00eda que su propio hijo rechazaba su cari\u00f1o o un beso como el de una madre a su hijo.<\/span><\/p>\n<p class=\"p1\"><span class=\"s1\">Cabe recordar que el 20 de julio pasado,Tula fue asesinada de m\u00faltiples pu\u00f1aladas y por el crimen detuvieron a su hijo.<\/span><\/p>\n<p class=\"p1\"><span class=\"s1\">\u201cPORQUE SOS AS\u00cd, CAPRICHOSO Y MAL APRENDIDO\u201d redacta Tula en un fragmento de la misiva.<\/span><\/p>\n<p class=\"p1\"><span class=\"s1\">\u201cME SIENTO UNA MAM\u00c1 FRACASADA \u201c expresaba Norma Tula en otro fragmento.<\/span><\/p>\n<p class=\"p1\"><span class=\"s1\">\u201cME CANS\u00c9 DE SENTIR MILES DE HERIDAS \u201c escribi\u00f3 muy dolida la madre de Joaqu\u00edn.<\/span><\/p>\n<p class=\"p1\"><span class=\"s1\">\u201cUN CAMINO TORCIDO NO TE LLEVA A NING\u00daN LADO \u201c aconsejaba la mujer a su hijo.<\/span><\/p>\n<p class=\"p1\"><span class=\"s1\">Este registro tiene como origen el cumplea\u00f1os de Joaqu\u00edn el 6\/5\/2019 y es all\u00ed donde su madre relata hechos que le dol\u00edan y actitudes que tomaba su hijo que lo perjudicaban.<\/span><\/p>\n<p><strong>La carta<\/strong><\/p>\n<p><img data-lazyloaded=\"1\" src=\"https:\/\/airevision.com.ar\/wp-content\/uploads\/2026\/09\/322505DF-FC67-45D9-A020-041AA12F850C-215x300.png\" fetchpriority=\"high\" decoding=\"async\" class=\"alignnone size-medium wp-image-187409\" alt width=\"215\" height=\"300\" data-sizes=\"(max-width: 215px) 100vw, 215px\" srcset=\"https:\/\/airevision.com.ar\/wp-content\/uploads\/2026\/09\/322505DF-FC67-45D9-A020-041AA12F850C-215x300.png 215w, https:\/\/airevision.com.ar\/wp-content\/uploads\/2026\/09\/322505DF-FC67-45D9-A020-041AA12F850C-733x1024.png 733w, https:\/\/airevision.com.ar\/wp-content\/uploads\/2026\/09\/322505DF-FC67-45D9-A020-041AA12F850C-768x1073.png 768w, https:\/\/airevision.com.ar\/wp-content\/uploads\/2026\/09\/322505DF-FC67-45D9-A020-041AA12F850C-150x210.png 150w, https:\/\/airevision.com.ar\/wp-content\/uploads\/2026\/09\/322505DF-FC67-45D9-A020-041AA12F850C-300x419.png 300w, https:\/\/airevision.com.ar\/wp-content\/uploads\/2026\/09\/322505DF-FC67-45D9-A020-041AA12F850C-696x973.png 696w, https:\/\/airevision.com.ar\/wp-content\/uploads\/2026\/09\/322505DF-FC67-45D9-A020-041AA12F850C.png 1061w\"><\/p>\n<p class=\"p1\"><strong><span class=\"s1\"> El hecho<\/span><\/strong><\/p>\n<p class=\"p1\"><span class=\"s1\">La causa es investigada por la Fiscal\u00eda de Instrucci\u00f3n en del Distrito Este . Seg\u00fan la <\/span><span class=\"s2\">autopsia<\/span><span class=\"s1\">, Varela Tula <\/span><span class=\"s2\">muri\u00f3 a causa de un shock hipovol\u00e9mico <\/span><span class=\"s1\">provocado por m\u00faltiples lesiones. Si bien no trascendi\u00f3 el n\u00famero exacto de pu\u00f1aladas, desde la familia se\u00f1alaron que la mujer <\/span><span class=\"s2\">recibi\u00f3 m\u00e1s de 40 puntazos<\/span><span class=\"s1\">.<\/span><\/p>\n","protected":false},"excerpt":{"rendered":"<p>Catamarca es Noticia accedi\u00f3 de forma exclusiva a un registro de pu\u00f1o y letra escrito por Norma Varela Tula a su hijo Joaqu\u00edn donde queda de manifiesto el trato del joven contra su madre. En los fragmentos escritos por Norma queda asentado el cari\u00f1o y los consejos que le brindaba a su hijo, como as\u00ed [&hellip;]<\/p>\n","protected":false},"author":1,"featured_media":38328,"comment_status":"open","ping_status":"closed","sticky":false,"template":"","format":"standard","meta":{"footnotes":""},"categories":[132,118],"tags":[],"class_list":["post-38327","post","type-post","status-publish","format-standard","has-post-thumbnail","hentry","category-destacados","category-provincia"],"_links":{"self":[{"href":"https:\/\/nvccatamarca.com\/index.php\/wp-json\/wp\/v2\/posts\/38327","targetHints":{"allow":["GET"]}}],"collection":[{"href":"https:\/\/nvccatamarca.com\/index.php\/wp-json\/wp\/v2\/posts"}],"about":[{"href":"https:\/\/nvccatamarca.com\/index.php\/wp-json\/wp\/v2\/types\/post"}],"author":[{"embeddable":true,"href":"https:\/\/nvccatamarca.com\/index.php\/wp-json\/wp\/v2\/users\/1"}],"replies":[{"embeddable":true,"href":"https:\/\/nvccatamarca.com\/index.php\/wp-json\/wp\/v2\/comments?post=38327"}],"version-history":[{"count":0,"href":"https:\/\/nvccatamarca.com\/index.php\/wp-json\/wp\/v2\/posts\/38327\/revisions"}],"wp:featuredmedia":[{"embeddable":true,"href":"https:\/\/nvccatamarca.com\/index.php\/wp-json\/wp\/v2\/media\/38328"}],"wp:attachment":[{"href":"https:\/\/nvccatamarca.com\/index.php\/wp-json\/wp\/v2\/media?parent=38327"}],"wp:term":[{"taxonomy":"category","embeddable":true,"href":"https:\/\/nvccatamarca.com\/index.php\/wp-json\/wp\/v2\/categories?post=38327"},{"taxonomy":"post_tag","embeddable":true,"href":"https:\/\/nvccatamarca.com\/index.php\/wp-json\/wp\/v2\/tags?post=38327"}],"curies":[{"name":"wp","href":"https:\/\/api.w.org\/{rel}","templated":true}]}}