{"id":38335,"date":"2026-09-05T10:52:12","date_gmt":"2026-09-05T13:52:12","guid":{"rendered":"https:\/\/airevision.com.ar\/?p=187450"},"modified":"2026-09-05T10:52:12","modified_gmt":"2026-09-05T13:52:12","slug":"veteranos-de-malvinas-cuestionaron-a-milei-por-su-discurso-sobre-la-soberania","status":"publish","type":"post","link":"https:\/\/nvccatamarca.com\/index.php\/2026\/09\/05\/veteranos-de-malvinas-cuestionaron-a-milei-por-su-discurso-sobre-la-soberania\/","title":{"rendered":"Veteranos de Malvinas cuestionaron a Milei por su discurso sobre la soberan\u00eda"},"content":{"rendered":"<div class=\"td-post-featured-image\"><a href=\"https:\/\/airevision.com.ar\/wp-content\/uploads\/2026\/09\/DECIM.jpg\" data-caption><img loading=\"lazy\" decoding=\"async\" data-lazyloaded=\"1\" src=\"https:\/\/airevision.com.ar\/wp-content\/uploads\/2026\/09\/DECIM.jpg\" width=\"680\" height=\"680\" class=\"entry-thumb td-modal-image\" data-sizes=\"(max-width: 680px) 100vw, 680px\" alt title=\"DECIM\" srcset=\"https:\/\/airevision.com.ar\/wp-content\/uploads\/2026\/09\/DECIM.jpg 680w, https:\/\/airevision.com.ar\/wp-content\/uploads\/2026\/09\/DECIM-300x300.jpg 300w, https:\/\/airevision.com.ar\/wp-content\/uploads\/2026\/09\/DECIM-150x150.jpg 150w\"><\/a><\/div>\n<p class=\"isSelectedEnd\">El Centro de Ex Combatientes de las Islas Malvinas (CECIM) difundi\u00f3 un comunicado en respuesta al discurso que Javier Milei realiz\u00f3 por cadena nacional, en el que el Presidente volvi\u00f3 a referirse al reclamo argentino sobre el archipi\u00e9lago y anunci\u00f3 medidas vinculadas con la explotaci\u00f3n de recursos en el Atl\u00e1ntico Sur.<\/p>\n<p class=\"isSelectedEnd\">Durante su mensaje, Milei sostuvo: \u201cLas Malvinas son argentinas por historia y por derecho, no hay discusi\u00f3n al respecto\u201d. Tambi\u00e9n cuestion\u00f3 el proyecto petrolero Sea Lion y afirm\u00f3: \u201cEl proyecto Sea Lion implica algo especialmente grave que no hab\u00eda sucedido nunca: la extracci\u00f3n de un recurso no renovable que pertenece a los argentinos\u201d.<\/p>\n<p class=\"isSelectedEnd\">El posicionamiento presidencial gener\u00f3 una respuesta del CECIM, que vincul\u00f3 el planteo sobre soberan\u00eda con distintas decisiones adoptadas durante la actual gesti\u00f3n. Los excombatientes recuperaron adem\u00e1s como referencia la carta abierta que Rodolfo Walsh dirigi\u00f3 a la Junta Militar en 1977 y trazaron un paralelismo con el contexto pol\u00edtico y econ\u00f3mico que antecedi\u00f3 a la Guerra de Malvinas.<\/p>\n<p class=\"isSelectedEnd\">En el comunicado, el organismo record\u00f3 que Walsh hab\u00eda cuestionado el programa econ\u00f3mico de la dictadura y mencion\u00f3 la movilizaci\u00f3n del 30 de marzo de 1982 bajo la consigna \u201cPan, Paz y Trabajo\u201d. Tambi\u00e9n record\u00f3 la desaparici\u00f3n del escritor, ocurrida el 25 de marzo de ese a\u00f1o.<\/p>\n<p class=\"isSelectedEnd\">A partir de esa referencia hist\u00f3rica, el CECIM cuestion\u00f3 directamente al actual mandatario: \u201c\u00bfY Milei qu\u00e9? \u00bfSoberan\u00eda? Hablamos del Presidente de la extranjerizaci\u00f3n de la tierra\u201d.<\/p>\n<p class=\"isSelectedEnd\">Los veteranos enumeraron una serie de pol\u00edticas que, a su entender, entran en contradicci\u00f3n con el discurso presidencial sobre la defensa de la soberan\u00eda. Entre ellas mencionaron la situaci\u00f3n de ARSAT, la Comisi\u00f3n Nacional de Energ\u00eda At\u00f3mica, el R\u00e9gimen de Incentivo para Grandes Inversiones (RIGI), la v\u00eda troncal del Paran\u00e1, la reforma laboral y el financiamiento de las universidades nacionales.<\/p>\n<p class=\"isSelectedEnd\">En otro tramo del documento, el CECIM volvi\u00f3 a cuestionar la pol\u00edtica oficial y sostuvo: \u201cMientras grita y proclama soberan\u00eda, quiebra al Estado, a sus instituciones y capacidades; y una naviera anuncia una ruta entre Punta Arenas y Malvinas para proveer log\u00edsitca a Sea Lion\u201d.<\/p>\n<p class=\"isSelectedEnd\">El proyecto Sea Lion aparece as\u00ed como uno de los principales puntos de la discusi\u00f3n. Milei hab\u00eda se\u00f1alado durante su discurso que la extracci\u00f3n de recursos no renovables en las islas constituye un problema para los intereses argentinos. Los excombatientes, en cambio, pusieron el foco en la existencia de una ruta mar\u00edtima anunciada entre Punta Arenas y Malvinas para brindar apoyo log\u00edstico al proyecto.<\/p>\n<p class=\"isSelectedEnd\">El CECIM tambi\u00e9n plante\u00f3 una concepci\u00f3n m\u00e1s amplia de la soberan\u00eda y la relacion\u00f3 con las condiciones sociales y econ\u00f3micas del pa\u00eds. En ese sentido, afirm\u00f3: \u201cRecuperar las Malvinas es una causa impostergable de las y los argentinos. Malvinas es una met\u00e1fora que simboliza y materializa todo lo que el colonialismo duele y nos quita. Ser soberanista es pensar desde Malvinas toda nuestra Argentina\u201d.<\/p>\n<p class=\"isSelectedEnd\">El comunicado agreg\u00f3: \u201cEs que ning\u00fan pibe se vaya a dormir con la panza vac\u00eda, es proveer medicamentos a nuestros viejos\u201d.<\/p>\n<p>Hacia el final del documento, los excombatientes hicieron referencia al pr\u00f3ximo partido de la Selecci\u00f3n Argentina frente a Inglaterra y al sentimiento existente en torno a la cuesti\u00f3n Malvinas. \u201cMilei habr\u00e1 tomado nota. Como de este sentimiento arraigado, o de la bandera de Lo Celso. Si va a jugar este partido, exijamos coherencia, resultados\u201d, expresaron.<\/p>\n","protected":false},"excerpt":{"rendered":"<p>El Centro de Ex Combatientes de las Islas Malvinas (CECIM) difundi\u00f3 un comunicado en respuesta al discurso que Javier Milei realiz\u00f3 por cadena nacional, en el que el Presidente volvi\u00f3 a referirse al reclamo argentino sobre el archipi\u00e9lago y anunci\u00f3 medidas vinculadas con la explotaci\u00f3n de recursos en el Atl\u00e1ntico Sur. Durante su mensaje, Milei [&hellip;]<\/p>\n","protected":false},"author":1,"featured_media":38336,"comment_status":"open","ping_status":"closed","sticky":false,"template":"","format":"standard","meta":{"footnotes":""},"categories":[132],"tags":[],"class_list":["post-38335","post","type-post","status-publish","format-standard","has-post-thumbnail","hentry","category-destacados"],"_links":{"self":[{"href":"https:\/\/nvccatamarca.com\/index.php\/wp-json\/wp\/v2\/posts\/38335","targetHints":{"allow":["GET"]}}],"collection":[{"href":"https:\/\/nvccatamarca.com\/index.php\/wp-json\/wp\/v2\/posts"}],"about":[{"href":"https:\/\/nvccatamarca.com\/index.php\/wp-json\/wp\/v2\/types\/post"}],"author":[{"embeddable":true,"href":"https:\/\/nvccatamarca.com\/index.php\/wp-json\/wp\/v2\/users\/1"}],"replies":[{"embeddable":true,"href":"https:\/\/nvccatamarca.com\/index.php\/wp-json\/wp\/v2\/comments?post=38335"}],"version-history":[{"count":0,"href":"https:\/\/nvccatamarca.com\/index.php\/wp-json\/wp\/v2\/posts\/38335\/revisions"}],"wp:featuredmedia":[{"embeddable":true,"href":"https:\/\/nvccatamarca.com\/index.php\/wp-json\/wp\/v2\/media\/38336"}],"wp:attachment":[{"href":"https:\/\/nvccatamarca.com\/index.php\/wp-json\/wp\/v2\/media?parent=38335"}],"wp:term":[{"taxonomy":"category","embeddable":true,"href":"https:\/\/nvccatamarca.com\/index.php\/wp-json\/wp\/v2\/categories?post=38335"},{"taxonomy":"post_tag","embeddable":true,"href":"https:\/\/nvccatamarca.com\/index.php\/wp-json\/wp\/v2\/tags?post=38335"}],"curies":[{"name":"wp","href":"https:\/\/api.w.org\/{rel}","templated":true}]}}